{"id":1172646,"date":"2016-01-21T19:22:18","date_gmt":"2016-01-21T17:22:18","guid":{"rendered":"http:\/\/www.ssaki.eu\/?p=1172646"},"modified":"2016-05-02T21:14:24","modified_gmt":"2016-05-02T19:14:24","slug":"vi-sympozium-o-primarnych-imunodeficienciach-27-4-2016","status":"publish","type":"post","link":"https:\/\/www.ssaki.eu\/?p=1172646","title":{"rendered":"VI. symp\u00f3zium o prim\u00e1rnych imunodeficienci\u00e1ch, 27.4.2016"},"content":{"rendered":"<p style=\"text-align: center;\">Diagnostick\u00e9 a v\u00fdskumn\u00e9 centrum nad\u00e1cie Jeffrey Modella pre prim\u00e1rne imunodeficiencie pri 1. detskej klinike Lek\u00e1rskej fakulty UK a DFNsP v\u00a0Bratislave,<br \/>\nThe J-Project, ECE IPI Center<br \/>\nSlovensk\u00e1 spolo\u010dnos\u0165 pre alergol\u00f3giu a klinick\u00fa imunol\u00f3giu<br \/>\nSpolo\u010dnos\u0165 pre prim\u00e1rne imunodeficiencie, o. z.<br \/>\nspolo\u010dnos\u0165 SOLEN, s.r.o.<\/p>\n<p><span style=\"font-weight: 300;\">si V\u00e1s dovo\u013euj\u00fa srde\u010dne pozva\u0165 na podujatie:<strong>\u00a0<\/strong><\/span><strong>VI. Symp\u00f3zium\u00a0o prim\u00e1rnych imunodeficienci\u00e1ch,\u00a0ktor\u00e9 sa uskuto\u010dn\u00ed\u00a027. 4. 2016\u00a0v\u00a0Austria Trend Hoteli v\u00a0Bratislave.<\/strong><\/p>\n<p><span style=\"text-decoration: underline;\">Hlavn\u00e9 t\u00e9my:<\/span><br \/>\n<b>Genetick\u00e1 diagnostika prim\u00e1rnych imunodeficienci\u00ed<\/b><br \/>\n<b>DiGeorge syndr\u00f3m<\/b><br \/>\n<b>Hypogamaglobulin\u00e9mie<\/b><br \/>\n<b>Poruchy komplementu<\/b><br \/>\n<b>Kazuistiky<\/b><\/p>\n<p><b><\/b>De\u0148 pred podujat\u00edm\u00a0<b>26. 4. 2016\u00a0<\/b>o 17:00 hod. sa uskuto\u010dn\u00ed workshop pre lek\u00e1rov a\u00a0sestry:\u00a0<b>Dom\u00e1ca substitu\u010dn\u00e1 lie\u010dba imunoglobul\u00ednmi.<\/b><br \/>\nMiesto:\u00a0<b>Konferen\u010dn\u00e1 miestnos\u0165 Vienna, Crown Plaza Hotel Bratislava<\/b><br \/>\nCelkov\u00fd po\u010det \u00fa\u010dastn\u00edkov je limitovan\u00fd na 20.<br \/>\n<span style=\"text-decoration: underline;\">\u00a0<\/span><br \/>\n<span style=\"text-decoration: underline;\">Program workshopu:<\/span><br \/>\n1. Indik\u00e1cie, kontraindik\u00e1cie a formy dom\u00e1cej substitu\u010dnej lie\u010dby (\u010ci\u017en\u00e1r P.)<br \/>\n2. Eduka\u010dn\u00fd program a mana\u017ement pacientov (Smutkov\u00e1 M.)<br \/>\n3. Praktick\u00e9 sk\u00fasenosti s lie\u010dbou (kazuistiky pacientov)<br \/>\n4. N\u00e1cvik aplika\u010dn\u00fdch techn\u00edk<br \/>\n5. Diskusia<\/p>\n<p style=\"text-align: center;\"><strong><a title=\"VI. Symp\u00f3zium o imunodeficienci\u00e1ch - prihl\u00e1\u0161ka\" href=\"http:\/\/dev.solen.sk\/kongresy\/vi-sympozium-o-primarnych-imunodeficienciach---od-teorie-do-klinickej-praxe\/registracia\" target=\"_blank\">PRIHL\u00c1\u0160KA A STR\u00c1NKA AKCIE<\/a><\/strong><\/p>\n<p>Obe podujatia bud\u00fa ohodnoten\u00e9 kreditmi CME.<\/p>\n","protected":false},"excerpt":{"rendered":"<p>Diagnostick\u00e9 a v\u00fdskumn\u00e9 centrum nad\u00e1cie Jeffrey Modella pre prim\u00e1rne imunodeficiencie pri 1. detskej klinike Lek\u00e1rskej fakulty UK a DFNsP v\u00a0Bratislave, The J-Project, ECE IPI Center Slovensk\u00e1 spolo\u010dnos\u0165 pre alergol\u00f3giu a klinick\u00fa imunol\u00f3giu Spolo\u010dnos\u0165 pre&#46;&#46;&#46;<\/p>\n","protected":false},"author":1,"featured_media":0,"comment_status":"closed","ping_status":"closed","sticky":false,"template":"","format":"standard","meta":{"footnotes":""},"categories":[4],"tags":[],"class_list":["post-1172646","post","type-post","status-publish","format-standard","hentry","category-sprava-vyboru"],"yoast_head":"<!-- This site is optimized with the Yoast SEO plugin v27.4 - https:\/\/yoast.com\/product\/yoast-seo-wordpress\/ -->\n<title>VI. symp\u00f3zium o prim\u00e1rnych imunodeficienci\u00e1ch, 27.4.2016 - Slovensk\u00e1 spolo\u010dnos\u0165 alergol\u00f3gie a klinickej imunol\u00f3gie<\/title>\n<meta name=\"description\" content=\"Sme odborn\u00e1 splo\u010dnos\u0165, ktor\u00e1 zdru\u017euje klinick\u00fdch imunol\u00f3gov a alergol\u00f3gov, ako aj in\u00fdch odborn\u00edkov so z\u00e1ujmom o tento odbor. Na\u0161a spolo\u010dnos\u0165 je hlavn\u00fdm organiz\u00e1torom kontunu\u00e1lneho vzdel\u00e1vania v tomto odbore na Slovensku.\" \/>\n<meta name=\"robots\" content=\"index, follow, max-snippet:-1, max-image-preview:large, max-video-preview:-1\" \/>\n<link rel=\"canonical\" href=\"https:\/\/www.ssaki.eu\/?p=1172646\" \/>\n<meta property=\"og:locale\" content=\"sk_SK\" \/>\n<meta property=\"og:type\" content=\"article\" \/>\n<meta property=\"og:title\" content=\"VI. symp\u00f3zium o prim\u00e1rnych imunodeficienci\u00e1ch, 27.4.2016 - Slovensk\u00e1 spolo\u010dnos\u0165 alergol\u00f3gie a klinickej imunol\u00f3gie\" \/>\n<meta property=\"og:description\" content=\"Sme odborn\u00e1 splo\u010dnos\u0165, ktor\u00e1 zdru\u017euje klinick\u00fdch imunol\u00f3gov a alergol\u00f3gov, ako aj in\u00fdch odborn\u00edkov so z\u00e1ujmom o tento odbor. Na\u0161a spolo\u010dnos\u0165 je hlavn\u00fdm organiz\u00e1torom kontunu\u00e1lneho vzdel\u00e1vania v tomto odbore na Slovensku.\" \/>\n<meta property=\"og:url\" content=\"https:\/\/www.ssaki.eu\/?p=1172646\" \/>\n<meta property=\"og:site_name\" content=\"Slovensk\u00e1 spolo\u010dnos\u0165 alergol\u00f3gie a klinickej imunol\u00f3gie\" \/>\n<meta property=\"article:publisher\" content=\"https:\/\/www.facebook.com\/alergologoviaimunologoviaSK\" \/>\n<meta property=\"article:published_time\" content=\"2016-01-21T17:22:18+00:00\" \/>\n<meta property=\"article:modified_time\" content=\"2016-05-02T19:14:24+00:00\" \/>\n<meta property=\"og:image\" content=\"https:\/\/www.ssaki.eu\/wp-content\/uploads\/2021\/01\/STOP_COVID_SSAKI-e1609772027682.png\" \/>\n\t<meta property=\"og:image:width\" content=\"640\" \/>\n\t<meta property=\"og:image:height\" content=\"360\" \/>\n\t<meta property=\"og:image:type\" content=\"image\/png\" \/>\n<meta name=\"author\" content=\"adminaki\" \/>\n<meta name=\"twitter:card\" content=\"summary_large_image\" \/>\n<meta name=\"twitter:label1\" content=\"Autor\" \/>\n\t<meta name=\"twitter:data1\" content=\"adminaki\" \/>\n\t<meta name=\"twitter:label2\" content=\"Predpokladan\u00fd \u010das \u010d\u00edtania\" \/>\n\t<meta name=\"twitter:data2\" content=\"1 min\u00fata\" \/>\n<script type=\"application\/ld+json\" class=\"yoast-schema-graph\">{\"@context\":\"https:\\\/\\\/schema.org\",\"@graph\":[{\"@type\":\"Article\",\"@id\":\"https:\\\/\\\/www.ssaki.eu\\\/?p=1172646#article\",\"isPartOf\":{\"@id\":\"https:\\\/\\\/www.ssaki.eu\\\/?p=1172646\"},\"author\":{\"name\":\"adminaki\",\"@id\":\"https:\\\/\\\/www.ssaki.eu\\\/#\\\/schema\\\/person\\\/1d95f79dbd766088c7fa2a446408ca9e\"},\"headline\":\"VI. symp\u00f3zium o prim\u00e1rnych imunodeficienci\u00e1ch, 27.4.2016\",\"datePublished\":\"2016-01-21T17:22:18+00:00\",\"dateModified\":\"2016-05-02T19:14:24+00:00\",\"mainEntityOfPage\":{\"@id\":\"https:\\\/\\\/www.ssaki.eu\\\/?p=1172646\"},\"wordCount\":200,\"publisher\":{\"@id\":\"https:\\\/\\\/www.ssaki.eu\\\/#organization\"},\"articleSection\":[\"V\u00fdbor\"],\"inLanguage\":\"sk-SK\"},{\"@type\":[\"WebPage\",\"MedicalWebPage\"],\"@id\":\"https:\\\/\\\/www.ssaki.eu\\\/?p=1172646\",\"url\":\"https:\\\/\\\/www.ssaki.eu\\\/?p=1172646\",\"name\":\"VI. symp\u00f3zium o prim\u00e1rnych imunodeficienci\u00e1ch, 27.4.2016 - Slovensk\u00e1 spolo\u010dnos\u0165 alergol\u00f3gie a klinickej imunol\u00f3gie\",\"isPartOf\":{\"@id\":\"https:\\\/\\\/www.ssaki.eu\\\/#website\"},\"datePublished\":\"2016-01-21T17:22:18+00:00\",\"dateModified\":\"2016-05-02T19:14:24+00:00\",\"description\":\"Sme odborn\u00e1 splo\u010dnos\u0165, ktor\u00e1 zdru\u017euje klinick\u00fdch imunol\u00f3gov a alergol\u00f3gov, ako aj in\u00fdch odborn\u00edkov so z\u00e1ujmom o tento odbor. Na\u0161a spolo\u010dnos\u0165 je hlavn\u00fdm organiz\u00e1torom kontunu\u00e1lneho vzdel\u00e1vania v tomto odbore na Slovensku.\",\"breadcrumb\":{\"@id\":\"https:\\\/\\\/www.ssaki.eu\\\/?p=1172646#breadcrumb\"},\"inLanguage\":\"sk-SK\",\"potentialAction\":[{\"@type\":\"ReadAction\",\"target\":[\"https:\\\/\\\/www.ssaki.eu\\\/?p=1172646\"]}]},{\"@type\":\"BreadcrumbList\",\"@id\":\"https:\\\/\\\/www.ssaki.eu\\\/?p=1172646#breadcrumb\",\"itemListElement\":[{\"@type\":\"ListItem\",\"position\":1,\"name\":\"Domovsk\u00e1 str\u00e1nka\",\"item\":\"https:\\\/\\\/www.ssaki.eu\\\/\"},{\"@type\":\"ListItem\",\"position\":2,\"name\":\"VI. symp\u00f3zium o prim\u00e1rnych imunodeficienci\u00e1ch, 27.4.2016\"}]},{\"@type\":\"WebSite\",\"@id\":\"https:\\\/\\\/www.ssaki.eu\\\/#website\",\"url\":\"https:\\\/\\\/www.ssaki.eu\\\/\",\"name\":\"Slovensk\u00e1 spolo\u010dnos\u0165 alergol\u00f3gie a klinickej imunol\u00f3gie\",\"description\":\"\",\"publisher\":{\"@id\":\"https:\\\/\\\/www.ssaki.eu\\\/#organization\"},\"potentialAction\":[{\"@type\":\"SearchAction\",\"target\":{\"@type\":\"EntryPoint\",\"urlTemplate\":\"https:\\\/\\\/www.ssaki.eu\\\/?s={search_term_string}\"},\"query-input\":{\"@type\":\"PropertyValueSpecification\",\"valueRequired\":true,\"valueName\":\"search_term_string\"}}],\"inLanguage\":\"sk-SK\"},{\"@type\":\"Organization\",\"@id\":\"https:\\\/\\\/www.ssaki.eu\\\/#organization\",\"name\":\"Slovensk\u00e1 spolo\u010dnos\u0165 alergol\u00f3gie a klinickej imunol\u00f3gie\",\"url\":\"https:\\\/\\\/www.ssaki.eu\\\/\",\"logo\":{\"@type\":\"ImageObject\",\"inLanguage\":\"sk-SK\",\"@id\":\"https:\\\/\\\/www.ssaki.eu\\\/#\\\/schema\\\/logo\\\/image\\\/\",\"url\":\"https:\\\/\\\/www.ssaki.eu\\\/wp-content\\\/uploads\\\/2021\\\/01\\\/LOGO-1.png\",\"contentUrl\":\"https:\\\/\\\/www.ssaki.eu\\\/wp-content\\\/uploads\\\/2021\\\/01\\\/LOGO-1.png\",\"width\":1280,\"height\":720,\"caption\":\"Slovensk\u00e1 spolo\u010dnos\u0165 alergol\u00f3gie a klinickej imunol\u00f3gie\"},\"image\":{\"@id\":\"https:\\\/\\\/www.ssaki.eu\\\/#\\\/schema\\\/logo\\\/image\\\/\"},\"sameAs\":[\"https:\\\/\\\/www.facebook.com\\\/alergologoviaimunologoviaSK\"]},{\"@type\":\"Person\",\"@id\":\"https:\\\/\\\/www.ssaki.eu\\\/#\\\/schema\\\/person\\\/1d95f79dbd766088c7fa2a446408ca9e\",\"name\":\"adminaki\",\"image\":{\"@type\":\"ImageObject\",\"inLanguage\":\"sk-SK\",\"@id\":\"https:\\\/\\\/secure.gravatar.com\\\/avatar\\\/a99840d314b4f85aee2a7dfd506d69e8ae520d4354e9ae7569e6eb4d8bd8eeb4?s=96&d=mm&r=g\",\"url\":\"https:\\\/\\\/secure.gravatar.com\\\/avatar\\\/a99840d314b4f85aee2a7dfd506d69e8ae520d4354e9ae7569e6eb4d8bd8eeb4?s=96&d=mm&r=g\",\"contentUrl\":\"https:\\\/\\\/secure.gravatar.com\\\/avatar\\\/a99840d314b4f85aee2a7dfd506d69e8ae520d4354e9ae7569e6eb4d8bd8eeb4?s=96&d=mm&r=g\",\"caption\":\"adminaki\"}}]}<\/script>\n<!-- \/ Yoast SEO plugin. -->","yoast_head_json":{"title":"VI. symp\u00f3zium o prim\u00e1rnych imunodeficienci\u00e1ch, 27.4.2016 - Slovensk\u00e1 spolo\u010dnos\u0165 alergol\u00f3gie a klinickej imunol\u00f3gie","description":"Sme odborn\u00e1 splo\u010dnos\u0165, ktor\u00e1 zdru\u017euje klinick\u00fdch imunol\u00f3gov a alergol\u00f3gov, ako aj in\u00fdch odborn\u00edkov so z\u00e1ujmom o tento odbor. Na\u0161a spolo\u010dnos\u0165 je hlavn\u00fdm organiz\u00e1torom kontunu\u00e1lneho vzdel\u00e1vania v tomto odbore na Slovensku.","robots":{"index":"index","follow":"follow","max-snippet":"max-snippet:-1","max-image-preview":"max-image-preview:large","max-video-preview":"max-video-preview:-1"},"canonical":"https:\/\/www.ssaki.eu\/?p=1172646","og_locale":"sk_SK","og_type":"article","og_title":"VI. symp\u00f3zium o prim\u00e1rnych imunodeficienci\u00e1ch, 27.4.2016 - Slovensk\u00e1 spolo\u010dnos\u0165 alergol\u00f3gie a klinickej imunol\u00f3gie","og_description":"Sme odborn\u00e1 splo\u010dnos\u0165, ktor\u00e1 zdru\u017euje klinick\u00fdch imunol\u00f3gov a alergol\u00f3gov, ako aj in\u00fdch odborn\u00edkov so z\u00e1ujmom o tento odbor. Na\u0161a spolo\u010dnos\u0165 je hlavn\u00fdm organiz\u00e1torom kontunu\u00e1lneho vzdel\u00e1vania v tomto odbore na Slovensku.","og_url":"https:\/\/www.ssaki.eu\/?p=1172646","og_site_name":"Slovensk\u00e1 spolo\u010dnos\u0165 alergol\u00f3gie a klinickej imunol\u00f3gie","article_publisher":"https:\/\/www.facebook.com\/alergologoviaimunologoviaSK","article_published_time":"2016-01-21T17:22:18+00:00","article_modified_time":"2016-05-02T19:14:24+00:00","og_image":[{"width":640,"height":360,"url":"https:\/\/www.ssaki.eu\/wp-content\/uploads\/2021\/01\/STOP_COVID_SSAKI-e1609772027682.png","type":"image\/png"}],"author":"adminaki","twitter_card":"summary_large_image","twitter_misc":{"Autor":"adminaki","Predpokladan\u00fd \u010das \u010d\u00edtania":"1 min\u00fata"},"schema":{"@context":"https:\/\/schema.org","@graph":[{"@type":"Article","@id":"https:\/\/www.ssaki.eu\/?p=1172646#article","isPartOf":{"@id":"https:\/\/www.ssaki.eu\/?p=1172646"},"author":{"name":"adminaki","@id":"https:\/\/www.ssaki.eu\/#\/schema\/person\/1d95f79dbd766088c7fa2a446408ca9e"},"headline":"VI. symp\u00f3zium o prim\u00e1rnych imunodeficienci\u00e1ch, 27.4.2016","datePublished":"2016-01-21T17:22:18+00:00","dateModified":"2016-05-02T19:14:24+00:00","mainEntityOfPage":{"@id":"https:\/\/www.ssaki.eu\/?p=1172646"},"wordCount":200,"publisher":{"@id":"https:\/\/www.ssaki.eu\/#organization"},"articleSection":["V\u00fdbor"],"inLanguage":"sk-SK"},{"@type":["WebPage","MedicalWebPage"],"@id":"https:\/\/www.ssaki.eu\/?p=1172646","url":"https:\/\/www.ssaki.eu\/?p=1172646","name":"VI. symp\u00f3zium o prim\u00e1rnych imunodeficienci\u00e1ch, 27.4.2016 - Slovensk\u00e1 spolo\u010dnos\u0165 alergol\u00f3gie a klinickej imunol\u00f3gie","isPartOf":{"@id":"https:\/\/www.ssaki.eu\/#website"},"datePublished":"2016-01-21T17:22:18+00:00","dateModified":"2016-05-02T19:14:24+00:00","description":"Sme odborn\u00e1 splo\u010dnos\u0165, ktor\u00e1 zdru\u017euje klinick\u00fdch imunol\u00f3gov a alergol\u00f3gov, ako aj in\u00fdch odborn\u00edkov so z\u00e1ujmom o tento odbor. Na\u0161a spolo\u010dnos\u0165 je hlavn\u00fdm organiz\u00e1torom kontunu\u00e1lneho vzdel\u00e1vania v tomto odbore na Slovensku.","breadcrumb":{"@id":"https:\/\/www.ssaki.eu\/?p=1172646#breadcrumb"},"inLanguage":"sk-SK","potentialAction":[{"@type":"ReadAction","target":["https:\/\/www.ssaki.eu\/?p=1172646"]}]},{"@type":"BreadcrumbList","@id":"https:\/\/www.ssaki.eu\/?p=1172646#breadcrumb","itemListElement":[{"@type":"ListItem","position":1,"name":"Domovsk\u00e1 str\u00e1nka","item":"https:\/\/www.ssaki.eu\/"},{"@type":"ListItem","position":2,"name":"VI. symp\u00f3zium o prim\u00e1rnych imunodeficienci\u00e1ch, 27.4.2016"}]},{"@type":"WebSite","@id":"https:\/\/www.ssaki.eu\/#website","url":"https:\/\/www.ssaki.eu\/","name":"Slovensk\u00e1 spolo\u010dnos\u0165 alergol\u00f3gie a klinickej imunol\u00f3gie","description":"","publisher":{"@id":"https:\/\/www.ssaki.eu\/#organization"},"potentialAction":[{"@type":"SearchAction","target":{"@type":"EntryPoint","urlTemplate":"https:\/\/www.ssaki.eu\/?s={search_term_string}"},"query-input":{"@type":"PropertyValueSpecification","valueRequired":true,"valueName":"search_term_string"}}],"inLanguage":"sk-SK"},{"@type":"Organization","@id":"https:\/\/www.ssaki.eu\/#organization","name":"Slovensk\u00e1 spolo\u010dnos\u0165 alergol\u00f3gie a klinickej imunol\u00f3gie","url":"https:\/\/www.ssaki.eu\/","logo":{"@type":"ImageObject","inLanguage":"sk-SK","@id":"https:\/\/www.ssaki.eu\/#\/schema\/logo\/image\/","url":"https:\/\/www.ssaki.eu\/wp-content\/uploads\/2021\/01\/LOGO-1.png","contentUrl":"https:\/\/www.ssaki.eu\/wp-content\/uploads\/2021\/01\/LOGO-1.png","width":1280,"height":720,"caption":"Slovensk\u00e1 spolo\u010dnos\u0165 alergol\u00f3gie a klinickej imunol\u00f3gie"},"image":{"@id":"https:\/\/www.ssaki.eu\/#\/schema\/logo\/image\/"},"sameAs":["https:\/\/www.facebook.com\/alergologoviaimunologoviaSK"]},{"@type":"Person","@id":"https:\/\/www.ssaki.eu\/#\/schema\/person\/1d95f79dbd766088c7fa2a446408ca9e","name":"adminaki","image":{"@type":"ImageObject","inLanguage":"sk-SK","@id":"https:\/\/secure.gravatar.com\/avatar\/a99840d314b4f85aee2a7dfd506d69e8ae520d4354e9ae7569e6eb4d8bd8eeb4?s=96&d=mm&r=g","url":"https:\/\/secure.gravatar.com\/avatar\/a99840d314b4f85aee2a7dfd506d69e8ae520d4354e9ae7569e6eb4d8bd8eeb4?s=96&d=mm&r=g","contentUrl":"https:\/\/secure.gravatar.com\/avatar\/a99840d314b4f85aee2a7dfd506d69e8ae520d4354e9ae7569e6eb4d8bd8eeb4?s=96&d=mm&r=g","caption":"adminaki"}}]}},"_links":{"self":[{"href":"https:\/\/www.ssaki.eu\/index.php?rest_route=\/wp\/v2\/posts\/1172646","targetHints":{"allow":["GET"]}}],"collection":[{"href":"https:\/\/www.ssaki.eu\/index.php?rest_route=\/wp\/v2\/posts"}],"about":[{"href":"https:\/\/www.ssaki.eu\/index.php?rest_route=\/wp\/v2\/types\/post"}],"author":[{"embeddable":true,"href":"https:\/\/www.ssaki.eu\/index.php?rest_route=\/wp\/v2\/users\/1"}],"replies":[{"embeddable":true,"href":"https:\/\/www.ssaki.eu\/index.php?rest_route=%2Fwp%2Fv2%2Fcomments&post=1172646"}],"version-history":[{"count":8,"href":"https:\/\/www.ssaki.eu\/index.php?rest_route=\/wp\/v2\/posts\/1172646\/revisions"}],"predecessor-version":[{"id":1320846,"href":"https:\/\/www.ssaki.eu\/index.php?rest_route=\/wp\/v2\/posts\/1172646\/revisions\/1320846"}],"wp:attachment":[{"href":"https:\/\/www.ssaki.eu\/index.php?rest_route=%2Fwp%2Fv2%2Fmedia&parent=1172646"}],"wp:term":[{"taxonomy":"category","embeddable":true,"href":"https:\/\/www.ssaki.eu\/index.php?rest_route=%2Fwp%2Fv2%2Fcategories&post=1172646"},{"taxonomy":"post_tag","embeddable":true,"href":"https:\/\/www.ssaki.eu\/index.php?rest_route=%2Fwp%2Fv2%2Ftags&post=1172646"}],"curies":[{"name":"wp","href":"https:\/\/api.w.org\/{rel}","templated":true}]}}